{"id":415,"date":"2021-06-17T15:36:15","date_gmt":"2021-06-17T13:36:15","guid":{"rendered":"https:\/\/minimeau.fr\/?p=415"},"modified":"2021-06-17T18:09:50","modified_gmt":"2021-06-17T16:09:50","slug":"lempreinte-eau-memento-graphique","status":"publish","type":"post","link":"https:\/\/minimeau.fr\/?p=415","title":{"rendered":"L&#8217;empreinte eau, M\u00e9mento Graphique"},"content":{"rendered":"\n<p>D\u00e9couvrez le <span class=\"has-inline-color has-vivid-cyan-blue-color\">M\u00e9mento Graphique de L&rsquo;Empreinte Eau<\/span>, r\u00e9alis\u00e9 gr\u00e2ce au soutien du projet ANR MINIMEAU et de la Chaire ELSA-PACT. <\/p>\n\n\n\n<p>Vous appr\u00e9henderez de mani\u00e8re p\u00e9dagogique, pratique et synth\u00e9tique la norme ISO 14 046 qui donne une d\u00e9finition internationale de l&#8217;empreinte eau. Ce M\u00e9mento comprend des <strong>fiches grand public<\/strong> pour comprendre les fondamentaux et des <strong>fiches experts<\/strong> destin\u00e9es aux pratiquants de l&rsquo;ACV au travers de <strong>l&rsquo;exemple d&rsquo;un tee shirt<\/strong>.<br><br>Pour le t\u00e9l\u00e9charger cliquer ci-apr\u00e8s : <a aria-label=\"undefined (s\u2019ouvre dans un nouvel onglet)\" href=\"https:\/\/minimeau.fr\/wp-content\/uploads\/2021\/06\/M\u00e9mento-Graphique-Empreinte-Eau.pdf\" target=\"_blank\" rel=\"noreferrer noopener\">https:\/\/minimeau.fr\/wp-content\/uploads\/2021\/06\/M\u00e9mento-Graphique-Empreinte-Eau.pdf<\/a><\/p>\n\n\n\n<p><\/p>\n\n\n\n<p><\/p>\n","protected":false},"excerpt":{"rendered":"<p>D\u00e9couvrez le M\u00e9mento Graphique de L&rsquo;Empreinte Eau, r\u00e9alis\u00e9 gr\u00e2ce au soutien du projet ANR MINIMEAU et de la Chaire ELSA-PACT. Vous appr\u00e9henderez de mani\u00e8re p\u00e9dagogique, pratique et synth\u00e9tique la norme ISO 14 046 qui donne une d\u00e9finition internationale de l&#8217;empreinte eau. Ce M\u00e9mento comprend des fiches grand public pour comprendre les fondamentaux et des fiches [&hellip;]<\/p>\n","protected":false},"author":2,"featured_media":426,"comment_status":"closed","ping_status":"open","sticky":false,"template":"","format":"standard","meta":{"_et_pb_use_builder":"off","_et_pb_old_content":"<!-- wp:paragraph -->\n<p>D\u00e9couvrez le M\u00e9mento Graphique de L'Empreinte Eau, r\u00e9alis\u00e9 gr\u00e2ce au soutien du projet ANR MINIMEAU et de la Chaire ELSA-PACT. <\/p>\n<!-- \/wp:paragraph -->","_et_gb_content_width":""},"categories":[6],"tags":[10,11,12],"yoast_head":"<!-- This site is optimized with the Yoast SEO plugin v19.6 - https:\/\/yoast.com\/wordpress\/plugins\/seo\/ -->\n<title>L&#039;empreinte eau, M\u00e9mento Graphique - Minimeau<\/title>\n<meta name=\"robots\" content=\"index, follow, max-snippet:-1, max-image-preview:large, max-video-preview:-1\" \/>\n<link rel=\"canonical\" href=\"https:\/\/minimeau.fr\/?p=415\" \/>\n<meta property=\"og:locale\" content=\"fr_FR\" \/>\n<meta property=\"og:type\" content=\"article\" \/>\n<meta property=\"og:title\" content=\"L&#039;empreinte eau, M\u00e9mento Graphique - Minimeau\" \/>\n<meta property=\"og:description\" content=\"D\u00e9couvrez le M\u00e9mento Graphique de L&rsquo;Empreinte Eau, r\u00e9alis\u00e9 gr\u00e2ce au soutien du projet ANR MINIMEAU et de la Chaire ELSA-PACT. Vous appr\u00e9henderez de mani\u00e8re p\u00e9dagogique, pratique et synth\u00e9tique la norme ISO 14 046 qui donne une d\u00e9finition internationale de l&#8217;empreinte eau. Ce M\u00e9mento comprend des fiches grand public pour comprendre les fondamentaux et des fiches [&hellip;]\" \/>\n<meta property=\"og:url\" content=\"https:\/\/minimeau.fr\/?p=415\" \/>\n<meta property=\"og:site_name\" content=\"Minimeau\" \/>\n<meta property=\"article:published_time\" content=\"2021-06-17T13:36:15+00:00\" \/>\n<meta property=\"article:modified_time\" content=\"2021-06-17T16:09:50+00:00\" \/>\n<meta property=\"og:image\" content=\"https:\/\/minimeau.fr\/wp-content\/uploads\/2021\/06\/Image-M\u00e9mento-graphique-2.png\" \/>\n\t<meta property=\"og:image:width\" content=\"1341\" \/>\n\t<meta property=\"og:image:height\" content=\"922\" \/>\n\t<meta property=\"og:image:type\" content=\"image\/png\" \/>\n<meta name=\"author\" content=\"Yvan DELOCHE\" \/>\n<meta name=\"twitter:card\" content=\"summary_large_image\" \/>\n<meta name=\"twitter:creator\" content=\"@crittiaapaca\" \/>\n<meta name=\"twitter:site\" content=\"@crittiaapaca\" \/>\n<meta name=\"twitter:label1\" content=\"\u00c9crit par\" \/>\n\t<meta name=\"twitter:data1\" content=\"Yvan DELOCHE\" \/>\n<script type=\"application\/ld+json\" class=\"yoast-schema-graph\">{\"@context\":\"https:\/\/schema.org\",\"@graph\":[{\"@type\":\"WebPage\",\"@id\":\"https:\/\/minimeau.fr\/?p=415\",\"url\":\"https:\/\/minimeau.fr\/?p=415\",\"name\":\"L'empreinte eau, M\u00e9mento Graphique - Minimeau\",\"isPartOf\":{\"@id\":\"https:\/\/minimeau.fr\/#website\"},\"datePublished\":\"2021-06-17T13:36:15+00:00\",\"dateModified\":\"2021-06-17T16:09:50+00:00\",\"author\":{\"@id\":\"https:\/\/minimeau.fr\/#\/schema\/person\/b3797e19ad9c25eb933112ebf0886944\"},\"breadcrumb\":{\"@id\":\"https:\/\/minimeau.fr\/?p=415#breadcrumb\"},\"inLanguage\":\"fr-FR\",\"potentialAction\":[{\"@type\":\"ReadAction\",\"target\":[\"https:\/\/minimeau.fr\/?p=415\"]}]},{\"@type\":\"BreadcrumbList\",\"@id\":\"https:\/\/minimeau.fr\/?p=415#breadcrumb\",\"itemListElement\":[{\"@type\":\"ListItem\",\"position\":1,\"name\":\"Accueil\",\"item\":\"https:\/\/minimeau.fr\/\"},{\"@type\":\"ListItem\",\"position\":2,\"name\":\"L&#8217;empreinte eau, M\u00e9mento Graphique\"}]},{\"@type\":\"WebSite\",\"@id\":\"https:\/\/minimeau.fr\/#website\",\"url\":\"https:\/\/minimeau.fr\/\",\"name\":\"Minimeau\",\"description\":\"Stimuler le renouveau industriel\",\"potentialAction\":[{\"@type\":\"SearchAction\",\"target\":{\"@type\":\"EntryPoint\",\"urlTemplate\":\"https:\/\/minimeau.fr\/?s={search_term_string}\"},\"query-input\":\"required name=search_term_string\"}],\"inLanguage\":\"fr-FR\"},{\"@type\":\"Person\",\"@id\":\"https:\/\/minimeau.fr\/#\/schema\/person\/b3797e19ad9c25eb933112ebf0886944\",\"name\":\"Yvan DELOCHE\",\"sameAs\":[\"https:\/\/minimeau.fr\/\"]}]}<\/script>\n<!-- \/ Yoast SEO plugin. -->","yoast_head_json":{"title":"L'empreinte eau, M\u00e9mento Graphique - Minimeau","robots":{"index":"index","follow":"follow","max-snippet":"max-snippet:-1","max-image-preview":"max-image-preview:large","max-video-preview":"max-video-preview:-1"},"canonical":"https:\/\/minimeau.fr\/?p=415","og_locale":"fr_FR","og_type":"article","og_title":"L'empreinte eau, M\u00e9mento Graphique - Minimeau","og_description":"D\u00e9couvrez le M\u00e9mento Graphique de L&rsquo;Empreinte Eau, r\u00e9alis\u00e9 gr\u00e2ce au soutien du projet ANR MINIMEAU et de la Chaire ELSA-PACT. Vous appr\u00e9henderez de mani\u00e8re p\u00e9dagogique, pratique et synth\u00e9tique la norme ISO 14 046 qui donne une d\u00e9finition internationale de l&#8217;empreinte eau. Ce M\u00e9mento comprend des fiches grand public pour comprendre les fondamentaux et des fiches [&hellip;]","og_url":"https:\/\/minimeau.fr\/?p=415","og_site_name":"Minimeau","article_published_time":"2021-06-17T13:36:15+00:00","article_modified_time":"2021-06-17T16:09:50+00:00","og_image":[{"width":1341,"height":922,"url":"https:\/\/minimeau.fr\/wp-content\/uploads\/2021\/06\/Image-M\u00e9mento-graphique-2.png","type":"image\/png"}],"author":"Yvan DELOCHE","twitter_card":"summary_large_image","twitter_creator":"@crittiaapaca","twitter_site":"@crittiaapaca","twitter_misc":{"\u00c9crit par":"Yvan DELOCHE"},"schema":{"@context":"https:\/\/schema.org","@graph":[{"@type":"WebPage","@id":"https:\/\/minimeau.fr\/?p=415","url":"https:\/\/minimeau.fr\/?p=415","name":"L'empreinte eau, M\u00e9mento Graphique - Minimeau","isPartOf":{"@id":"https:\/\/minimeau.fr\/#website"},"datePublished":"2021-06-17T13:36:15+00:00","dateModified":"2021-06-17T16:09:50+00:00","author":{"@id":"https:\/\/minimeau.fr\/#\/schema\/person\/b3797e19ad9c25eb933112ebf0886944"},"breadcrumb":{"@id":"https:\/\/minimeau.fr\/?p=415#breadcrumb"},"inLanguage":"fr-FR","potentialAction":[{"@type":"ReadAction","target":["https:\/\/minimeau.fr\/?p=415"]}]},{"@type":"BreadcrumbList","@id":"https:\/\/minimeau.fr\/?p=415#breadcrumb","itemListElement":[{"@type":"ListItem","position":1,"name":"Accueil","item":"https:\/\/minimeau.fr\/"},{"@type":"ListItem","position":2,"name":"L&#8217;empreinte eau, M\u00e9mento Graphique"}]},{"@type":"WebSite","@id":"https:\/\/minimeau.fr\/#website","url":"https:\/\/minimeau.fr\/","name":"Minimeau","description":"Stimuler le renouveau industriel","potentialAction":[{"@type":"SearchAction","target":{"@type":"EntryPoint","urlTemplate":"https:\/\/minimeau.fr\/?s={search_term_string}"},"query-input":"required name=search_term_string"}],"inLanguage":"fr-FR"},{"@type":"Person","@id":"https:\/\/minimeau.fr\/#\/schema\/person\/b3797e19ad9c25eb933112ebf0886944","name":"Yvan DELOCHE","sameAs":["https:\/\/minimeau.fr\/"]}]}},"_links":{"self":[{"href":"https:\/\/minimeau.fr\/index.php?rest_route=\/wp\/v2\/posts\/415"}],"collection":[{"href":"https:\/\/minimeau.fr\/index.php?rest_route=\/wp\/v2\/posts"}],"about":[{"href":"https:\/\/minimeau.fr\/index.php?rest_route=\/wp\/v2\/types\/post"}],"author":[{"embeddable":true,"href":"https:\/\/minimeau.fr\/index.php?rest_route=\/wp\/v2\/users\/2"}],"replies":[{"embeddable":true,"href":"https:\/\/minimeau.fr\/index.php?rest_route=%2Fwp%2Fv2%2Fcomments&post=415"}],"version-history":[{"count":6,"href":"https:\/\/minimeau.fr\/index.php?rest_route=\/wp\/v2\/posts\/415\/revisions"}],"predecessor-version":[{"id":427,"href":"https:\/\/minimeau.fr\/index.php?rest_route=\/wp\/v2\/posts\/415\/revisions\/427"}],"wp:featuredmedia":[{"embeddable":true,"href":"https:\/\/minimeau.fr\/index.php?rest_route=\/wp\/v2\/media\/426"}],"wp:attachment":[{"href":"https:\/\/minimeau.fr\/index.php?rest_route=%2Fwp%2Fv2%2Fmedia&parent=415"}],"wp:term":[{"taxonomy":"category","embeddable":true,"href":"https:\/\/minimeau.fr\/index.php?rest_route=%2Fwp%2Fv2%2Fcategories&post=415"},{"taxonomy":"post_tag","embeddable":true,"href":"https:\/\/minimeau.fr\/index.php?rest_route=%2Fwp%2Fv2%2Ftags&post=415"}],"curies":[{"name":"wp","href":"https:\/\/api.w.org\/{rel}","templated":true}]}}